{"id":7342,"date":"2023-04-18T12:17:19","date_gmt":"2023-04-18T12:17:19","guid":{"rendered":"https:\/\/monpsychomag.com\/?p=7342"},"modified":"2023-04-18T15:38:20","modified_gmt":"2023-04-18T15:38:20","slug":"breche-dentaire-et-consequences-psychologiques","status":"publish","type":"post","link":"https:\/\/monpsychomag.com\/index.php\/2023\/04\/18\/breche-dentaire-et-consequences-psychologiques\/","title":{"rendered":"Br\u00e8che dentaire et cons\u00e9quences psychologiques"},"content":{"rendered":"<div class=\"db567aefa9b9073415b194386f2f1045\" data-index=\"3\" style=\"float: none; margin:0px 0 0px 0; text-align:center;\">\n<!-- Code \u00e0 placer \u00e0 l'endroit ou vous voulez afficher les publicit\u00e9s -->\r\n<div id=\"afrikad-slot-1741-p-1\"\r\n     data-afrikad\r\n     data-slot-id=\"1741\" \r\n     data-dynamic-countries=\"tg\"\r\n     style=\"margin: auto; width: 300px; height: 275px;\"><\/div>\r\n\r\n<!-- Code \u00e0 placer de pr\u00e9ference une seule fois en bas de page -->\r\n<script>\r\n    (function (d) {\r\n        if (window.afrikadInit == null) {\r\n            window.afrikadInit = function (sdk) {\r\n                sdk.autoload();\r\n            };\r\n        }\r\n\r\n        var js, ajs = d.getElementsByTagName('script')[0];\r\n        if (d.getElementById('afrikad-sdk')) {\r\n            return;\r\n        }\r\n        js = d.createElement('script');\r\n        js.id = \"afrikad-sdk\";\r\n        js.src = \"https:\/\/www.afrikad.com\/build\/latest\/js\/sdk.js\";\r\n        ajs.parentNode.insertBefore(js, ajs);\r\n    }(document));\r\n<\/script>\n<\/div>\n\n<p class=\"has-text-align-justify\">Connu sous le nom de br\u00e8che dentaire, cette caract\u00e9ristique dentofaciale a sans doute une influence sur l\u2019attirance physique et l\u2019<a href=\"https:\/\/www.memoireonline.com\/06\/09\/2188\/m_estime-de-soi-et-performances-scolaires-chez-des-adolescents-Togo0.html\">estime de soi<\/a> de l\u2019individu. <\/p>\n\n\n\n<p class=\"has-text-align-justify\">Il est tout \u00e0 fait normal qu&rsquo;un enfant ait un espace visible entre ses deux incisives centrales lorsque ses dents de lait commencent \u00e0 pousser. Cet espace est connu sous le nom d&rsquo;espace interincisif, et il permet de donner suffisamment d&rsquo;espace pour que les dents permanentes puissent pousser correctement plus tard.<\/p>\n\n\n\n<p class=\"has-text-align-justify\">Pendant la maturation, votre enfant se d\u00e9veloppe, et ses dents de lait apparaissent progressivement. Souvent nous pouvons observer un espace entre ses deux incisives centrales. Appel\u00e9 <strong>diast\u00e8me interincisif <\/strong>par les<strong> <\/strong>chirurgiens-dentistes, en&nbsp;odontologie, un \u00e9cartement entre deux&nbsp;dents&nbsp;normalement adjacentes. Il est plus fr\u00e9quemment rencontr\u00e9 entre les deux&nbsp;incisives&nbsp;centrales de la&nbsp;m\u00e2choire&nbsp;sup\u00e9rieure. Il peut \u00eatre&nbsp;cong\u00e9nital&nbsp;ou acquis.<\/p>\n\n\n\n<p class=\"has-text-align-justify\">Le diast\u00e8me interincisif est \u00e9galement appel\u00e9 \u00ab&nbsp;dents de la chance&nbsp;\u00bb ou \u00ab&nbsp;dents du bonheur&nbsp;\u00bb, car il est r\u00e9put\u00e9 apporter&nbsp;chance&nbsp;et&nbsp;bonheur&nbsp;\u00e0 ceux qui poss\u00e8dent cette caract\u00e9ristique.<\/p>\n\n\n\n<p class=\"has-text-align-justify\">Si vous constatez un \u00e9cart entre les\u00a0<a rel=\"noreferrer noopener\" href=\"https:\/\/www.santemagazine.fr\/sante\/sante-bucco-dentaire\/soins-dentaires\/dents-de-lait-comment-en-prendre-soin-176522\" target=\"_blank\">dents de lait<\/a>\u00a0de votre enfant, ne vous inqui\u00e9tez pas, au contraire\u00a0! \u00ab La pr\u00e9sence d\u2019un diast\u00e8me chez un enfant est une excellente nouvelle pour lui. En effet, les dents de lait sont des dents de petite taille par rapport aux dents d\u00e9finitives. <\/p>\n\n\n\n<p class=\"has-text-align-justify\">Lors de l&rsquo;apparition des premi\u00e8res dents, le fait qu\u2019il existe un \u00e9cart entre les dents de lait\u00a0signifie donc que les dents d\u00e9finitives seront bien align\u00e9es, et qu\u2019en cons\u00e9quence, le recours \u00e0 un traitement orthodontique (\u201cappareil dentaire\u201d) sera moins probable\u00a0\u00bb, explique la dentiste <strong>Cl\u00e9a Lugardon<\/strong>.<\/p>\n\n\n\n<p class=\"has-text-align-justify\">En g\u00e9n\u00e9ral, les dents de lait commencent \u00e0 tomber autour de l&rsquo;\u00e2ge de 6 ans, ce qui laisse de la place pour les dents permanentes. <\/p>\n\n\n\n<p class=\"has-text-align-justify\">Si l&rsquo;espace interincisif persiste m\u00eame apr\u00e8s l&rsquo;apparition des dents permanentes, cela peut \u00eatre d\u00fb \u00e0 une vari\u00e9t\u00e9 de raisons telles que la taille des dents ou la position des m\u00e2choires, la succion du pouce, l\u2019h\u00e9r\u00e9dit\u00e9, la pr\u00e9sence d\u2019un frein labial, une pulsion de la langue lors de la d\u00e9glutition et\/ou de l&rsquo;articulation. Il est possible de le corriger par un traitement\u00a0orthodontique apr\u00e8s consultation d\u2019un dentiste si n\u00e9cessaire.<\/p>\n\n\n\n<p class=\"has-text-align-justify\">Nonobstant cette attirance physique \u00e0 l\u2019origine du diast\u00e8me, il y peut y avoir des <a href=\"https:\/\/monpsychomag.com\/index.php\/tag\/troubles-psychologiques\/\">cons\u00e9quences psychologiques<\/a> fr\u00e9quentes chez l\u2019enfant s\u2019il est victime de moquerie.<\/p>\n\n\n\n<p class=\"has-text-align-justify\">Si votre enfant subit r\u00e9guli\u00e8rement les moqueries de ses camarades de classe \u00e0 cause de son diast\u00e8me, voila ce qu\u2019il faut faire&nbsp;:<\/p>\n\n\n\n<ul class=\"wp-block-list\">\n<li>Tout d&rsquo;abord, il faut discuter avec l\u2019enfant afin de le soutenir.<\/li>\n\n\n\n<li>Lui garantir un environnement familial ad\u00e9quat qui l\u2019appr\u00e9cie et qui valorise ses caract\u00e9ristiques dentofaciales.<\/li>\n\n\n\n<li>Prendre rendez-vous avec son enseignant \u00e0 l\u2019\u00e9cole pour essayer de comprendre la situation, et de voir quel est l&rsquo;impact de ces moqueries sur l\u2019enfant.<\/li>\n\n\n\n<li>Lui assurer une protection \u00e0 travers un camarade ou un auxiliaire de vie scolaire qui lui soutien dans la cour de r\u00e9cr\u00e9ation ou encore une m\u00e8re, valorisante et bienveillante, qui apaise dans l\u2019intimit\u00e9.<\/li>\n\n\n\n<li>Essayer d\u2019\u00e9duquer ses camarades \u00e0 appr\u00e9cier qu\u2019\u00e0 se moquer et prendre attache avec les parents des enfants auteurs des moqueries.<\/li>\n\n\n\n<li>Si l&rsquo;impact psychologique sur votre enfant est important, vous pouvez prendre <a href=\"https:\/\/monpsychomag.com\/index.php\/rendez-vous\/\">rendez-vous avec un psychologue scolaire<\/a> pour l\u2019accompagner.<\/li>\n<\/ul>\n\n\n\n<p>L\u2019enfant peut \u00e9galement d\u00e9velopper des complexes face \u00e0 ces moqueries.<\/p><div class=\"db567aefa9b9073415b194386f2f1045\" data-index=\"3\" style=\"float: none; margin:0px 0 0px 0; text-align:center;\">\n<!-- Code \u00e0 placer \u00e0 l'endroit ou vous voulez afficher les publicit\u00e9s -->\r\n<div id=\"afrikad-slot-1741-p-1\"\r\n     data-afrikad\r\n     data-slot-id=\"1741\" \r\n     data-dynamic-countries=\"tg\"\r\n     style=\"margin: auto; width: 300px; height: 275px;\"><\/div>\r\n\r\n<!-- Code \u00e0 placer de pr\u00e9ference une seule fois en bas de page -->\r\n<script>\r\n    (function (d) {\r\n        if (window.afrikadInit == null) {\r\n            window.afrikadInit = function (sdk) {\r\n                sdk.autoload();\r\n            };\r\n        }\r\n\r\n        var js, ajs = d.getElementsByTagName('script')[0];\r\n        if (d.getElementById('afrikad-sdk')) {\r\n            return;\r\n        }\r\n        js = d.createElement('script');\r\n        js.id = \"afrikad-sdk\";\r\n        js.src = \"https:\/\/www.afrikad.com\/build\/latest\/js\/sdk.js\";\r\n        ajs.parentNode.insertBefore(js, ajs);\r\n    }(document));\r\n<\/script>\n<\/div>\n\n\n\n\n<p class=\"has-text-align-justify\">Si votre enfant en est victime, il est possible que son&nbsp;comportement \u00e9galement. Selon la psychologue Silvia Andr\u00e9, les moqueries de l\u2019enfance peuvent \u00eatre \u00e0 l\u2019origine d\u2019un grand manque de confiance en soi. L\u2019enfant qui subit des moqueries d\u00e9valorisantes et r\u00e9p\u00e9titives devient un adulte \u00e0 l\u2019estime de soi d\u00e9ficiente.<\/p>\n\n\n\n<p class=\"has-text-align-justify\">En tant que parents, vous devez \u00eatre attentif \u00e0 certains <a href=\"https:\/\/monpsychomag.com\/index.php\/tag\/langage\/\">signes<\/a> comme le manque de d\u00e9sir pour aller \u00e0 l\u2019\u00e9cole les matins le manque d\u2019app\u00e9tit, les cauchemars fr\u00e9quents, <a href=\"https:\/\/monpsychomag.com\/index.php\/2021\/08\/02\/quest-ce-que-le-stress\/\">le stress<\/a>, \u2026 Face \u00e0 ces comportements, c\u2019est possible qui y a un probl\u00e8me.<\/p>\n\n\n\n<p class=\"has-text-align-justify\">Les enfants sujets aux moqueries n\u2019expriment pas naturellement ce sentiment d\u2019inconfort. Si vous ne posez pas de questions \u00e0 votre enfant, il risque de l\u2019int\u00e9rioriser. Poser lui la question sans toutefois le rudoyer, demandez-lui s\u2019il a des probl\u00e8mes li\u00e9s \u00e0 son <a href=\"https:\/\/monpsychomag.com\/index.php\/2021\/07\/11\/comment-favoriser-la-reussite-scolaire\/\">environnement scolaire<\/a>.<\/p>\n\n\n\n<p><span style=\"text-decoration: underline\"><strong>T\u00e9moignages<\/strong><\/span>&nbsp;:<\/p>\n\n\n\n<p class=\"has-text-align-justify\">&#8211; <em>Depuis que j\u2019\u00e9tais petit, j\u2019avais \u00e7a, de m\u00eame que les membres de ma famille sauf mon fr\u00e8re et je ne me sentais pas g\u00ean\u00e9 en famille. C\u2019est \u00e0 l\u2019\u00e9cole je me suis rendu compte que tout le monde ne l\u2019avait pas. Au d\u00e9but, j\u2019essayais de parler tout en ne faisant pas remarquer ma br\u00e8che. C\u2019est avec le temps que j\u2019ai fini par accepter cela et j\u2019ai appris \u00e0 vivre avec.<\/em><\/p>\n\n\n\n<p class=\"has-text-align-justify\"><em>&#8211; J\u2019avais une grande espace entre mes deux incisives. A l\u2019\u00e9cole, mes camarades racontaient que je mange la chaire humaine et c\u2019est pour cela j\u2019avais de telles dents. C\u2019est avec le temps ils se sont rendu compte que je n\u2019\u00e9tais pas le seul et ils ont compris que c\u2019est normal.<\/em><\/p>\n\n\n\n<p class=\"has-text-align-justify\">\u00ab&nbsp;Du moment o\u00f9 l\u2019enfant constate que c\u2019est lui seul qui \u00e0 la br\u00e8che et les autres ne l\u2019ont pas, il va essayer de se cacher pour ne pas faire la diff\u00e9rence en cas de moquerie. Ce serait bien d\u2019apprendre aux enfants \u00e0 l\u2019\u00e9cole que c\u2019est assez normal et ils doivent l\u2019int\u00e9grer depuis le jeune \u00e2ge&nbsp;\u00bb. Dixit Emmanuel, \u00e9tudiant en psychologie clinique et de la sant\u00e9 \u00e0 l\u2019<a href=\"https:\/\/univ-lome.tg\/accueil\">Universit\u00e9 de Lom\u00e9<\/a>.<\/p>\n\n\n\n<p class=\"has-text-align-justify\">Autres conduites \u00e0 tenir&nbsp;: veiller \u00e0 ce que votre enfant prenne de bonnes habitudes d&rsquo;hygi\u00e8ne dentaire d\u00e8s le plus jeune \u00e2ge, assurez-vous qu&rsquo;il se brosse les dents au moins deux fois par jour avec une brosse \u00e0 dents souple et du dentifrice fluor\u00e9, et \u00e9vitez de lui donner des aliments riches en sucre.<\/p>\n\n\n\n<p><strong><span style=\"text-decoration: underline\">REFERENCES<\/span><\/strong><\/p>\n\n\n\n<ol class=\"wp-block-list\">\n<li><a href=\"http:\/\/www.parents.fr\">Parents<\/a><\/li>\n\n\n\n<li><a href=\"http:\/\/www.doctissimo.fr\/\">br\u00e8che dentaire<\/a><\/li>\n\n\n\n<li><a href=\"http:\/\/www.pediact.com\/\">diast\u00e8me<\/a><\/li>\n<\/ol>\n\n\n\n<p class=\"has-text-align-justify\"><em>Si vous avez des questions particuli\u00e8res sur cet article, utilisez l\u2019espace des commentaires juste en bas ou posez vos questions via ce lien&nbsp;<\/em><strong><em><a href=\"https:\/\/monpsychomag.com\/index.php\/monpsycho-jai-une-question\/\">MONPSYCHO J\u2019AI UNE QUESTION<\/a><\/em><\/strong>.<\/p>\n\n<div style=\"font-size: 0px; height: 0px; line-height: 0px; margin: 0; padding: 0; clear: both;\"><\/div>","protected":false},"excerpt":{"rendered":"<p>Connu sous le nom de br\u00e8che dentaire, cette caract\u00e9ristique dentofaciale<\/p>\n","protected":false},"author":132,"featured_media":7348,"comment_status":"open","ping_status":"closed","sticky":false,"template":"","format":"standard","meta":{"jetpack_post_was_ever_published":false,"_jetpack_newsletter_access":"","_jetpack_dont_email_post_to_subs":false,"_jetpack_newsletter_tier_id":0,"_jetpack_memberships_contains_paywalled_content":false,"_jetpack_memberships_contains_paid_content":false,"footnotes":"","jetpack_publicize_message":"","jetpack_publicize_feature_enabled":true,"jetpack_social_post_already_shared":true,"jetpack_social_options":{"image_generator_settings":{"template":"highway","default_image_id":0,"font":"","enabled":false},"version":2}},"categories":[607,608],"tags":[1277,1281,259,1280,1278,1279,101],"class_list":["post-7342","post","type-post","status-publish","format-standard","has-post-thumbnail","hentry","category-education","category-jeunes-et-adolescents","tag-consequences-psychologiques","tag-environnement-scolaire","tag-estime-de-soi","tag-le-stress","tag-rendez-vous-avec-un-psychologue-scolaire","tag-signes","tag-universite-de-lome"],"jetpack_publicize_connections":[],"jetpack_featured_media_url":"https:\/\/i0.wp.com\/monpsychomag.com\/wp-content\/uploads\/2023\/04\/Screenshot_20230418-153141-e1681832025523.png?fit=800%2C505&ssl=1","jetpack_sharing_enabled":true,"jetpack_likes_enabled":true,"_links":{"self":[{"href":"https:\/\/monpsychomag.com\/index.php\/wp-json\/wp\/v2\/posts\/7342","targetHints":{"allow":["GET"]}}],"collection":[{"href":"https:\/\/monpsychomag.com\/index.php\/wp-json\/wp\/v2\/posts"}],"about":[{"href":"https:\/\/monpsychomag.com\/index.php\/wp-json\/wp\/v2\/types\/post"}],"author":[{"embeddable":true,"href":"https:\/\/monpsychomag.com\/index.php\/wp-json\/wp\/v2\/users\/132"}],"replies":[{"embeddable":true,"href":"https:\/\/monpsychomag.com\/index.php\/wp-json\/wp\/v2\/comments?post=7342"}],"version-history":[{"count":3,"href":"https:\/\/monpsychomag.com\/index.php\/wp-json\/wp\/v2\/posts\/7342\/revisions"}],"predecessor-version":[{"id":7349,"href":"https:\/\/monpsychomag.com\/index.php\/wp-json\/wp\/v2\/posts\/7342\/revisions\/7349"}],"wp:featuredmedia":[{"embeddable":true,"href":"https:\/\/monpsychomag.com\/index.php\/wp-json\/wp\/v2\/media\/7348"}],"wp:attachment":[{"href":"https:\/\/monpsychomag.com\/index.php\/wp-json\/wp\/v2\/media?parent=7342"}],"wp:term":[{"taxonomy":"category","embeddable":true,"href":"https:\/\/monpsychomag.com\/index.php\/wp-json\/wp\/v2\/categories?post=7342"},{"taxonomy":"post_tag","embeddable":true,"href":"https:\/\/monpsychomag.com\/index.php\/wp-json\/wp\/v2\/tags?post=7342"}],"curies":[{"name":"wp","href":"https:\/\/api.w.org\/{rel}","templated":true}]}}