{"id":6674,"date":"2022-05-25T12:31:08","date_gmt":"2022-05-25T12:31:08","guid":{"rendered":"https:\/\/monpsychomag.com\/?p=6674"},"modified":"2022-05-25T12:31:09","modified_gmt":"2022-05-25T12:31:09","slug":"comment-passer-des-etudes-a-lentreprise","status":"publish","type":"post","link":"https:\/\/monpsychomag.com\/index.php\/2022\/05\/25\/comment-passer-des-etudes-a-lentreprise\/","title":{"rendered":"Comment passer des \u00e9tudes \u00e0 l\u2019entreprise ?"},"content":{"rendered":"<div class=\"db567aefa9b9073415b194386f2f1045\" data-index=\"3\" style=\"float: none; margin:0px 0 0px 0; text-align:center;\">\n<!-- Code \u00e0 placer \u00e0 l'endroit ou vous voulez afficher les publicit\u00e9s -->\r\n<div id=\"afrikad-slot-1741-p-1\"\r\n     data-afrikad\r\n     data-slot-id=\"1741\" \r\n     data-dynamic-countries=\"tg\"\r\n     style=\"margin: auto; width: 300px; height: 275px;\"><\/div>\r\n\r\n<!-- Code \u00e0 placer de pr\u00e9ference une seule fois en bas de page -->\r\n<script>\r\n    (function (d) {\r\n        if (window.afrikadInit == null) {\r\n            window.afrikadInit = function (sdk) {\r\n                sdk.autoload();\r\n            };\r\n        }\r\n\r\n        var js, ajs = d.getElementsByTagName('script')[0];\r\n        if (d.getElementById('afrikad-sdk')) {\r\n            return;\r\n        }\r\n        js = d.createElement('script');\r\n        js.id = \"afrikad-sdk\";\r\n        js.src = \"https:\/\/www.afrikad.com\/build\/latest\/js\/sdk.js\";\r\n        ajs.parentNode.insertBefore(js, ajs);\r\n    }(document));\r\n<\/script>\n<\/div>\n\n<p class=\"has-text-align-justify\">Vos premiers pas dans un environnement de <a href=\"https:\/\/monpsychomag.com\/index.php\/2022\/02\/28\/quelques-conseils-pour-bien-sintegrer-dans-sa-nouvelle-equipe-de-travail\/\" data-type=\"post\" data-id=\"6268\">travail<\/a> professionnel sont tr\u00e8s importants. Vous ferez face \u00e0 une foule de facteurs inconnus et des questions d\u2019abord sans r\u00e9ponse. Comment fonctionne votre nouvel environnement ? Comment prendre de l\u2019avance ? <\/p>\n\n\n\n<p class=\"has-text-align-justify\">Comment avoir un impact ? Vous avez finalement besoin de savoir par o\u00f9 commencer et ce qu\u2019il faut faire pour pouvoir commencer votre nouvelle <a href=\"http:\/\/carri\u00e8re\"><strong>carri\u00e8re<\/strong><\/a> avec rapidit\u00e9 et efficacit\u00e9. Il y a beaucoup de choses qui \u00e9voluent professionnellement. <\/p>\n\n\n\n<p class=\"has-text-align-justify\"><strong>Premi\u00e8rement<\/strong>, <strong>notre fa\u00e7on de travailler, nos d\u00e9sirs et attentes professionnels \u00e9voluent en g\u00e9n\u00e9ral<\/strong>. Ceux qui d\u00e9butent mettront l\u2019accent sur des r\u00e9compenses diff\u00e9rentes des g\u00e9n\u00e9rations pr\u00e9c\u00e9dentes. Comme l&rsquo;accent sur le gain financier, l\u2019\u00e9quilibre entre travail et vie priv\u00e9e, la motivation et trouver le bon ajustement professionnel. <\/p>\n\n\n\n<p class=\"has-text-align-justify\"><strong>Deuxi\u00e8mement<\/strong>, <strong>notre situation \u00e9conomique est instable<\/strong>. Selon les \u00e9poques, les comp\u00e9tences attendues sont diff\u00e9rentes sur le march\u00e9. Cela signifie que les comp\u00e9tences sp\u00e9cifiques que vous avez d\u00e9velopp\u00e9es et planifiez de d\u00e9velopper seront plus r\u00e9compens\u00e9es que d&rsquo;autres. Peu importe l\u2019\u00e9volution du climat de travail, <strong><mark style=\"background-color:rgba(0, 0, 0, 0)\" class=\"has-inline-color has-luminous-vivid-orange-color\">il y aura toujours une p\u00e9riode de transition \u00e0 votre arriv\u00e9e dans le monde du travail<\/mark><\/strong>. <\/p>\n\n\n\n<p class=\"has-text-align-justify\">Une solution existe pour changer votre image professionnelle et trouver votre voie dans des environnements de travail nouveaux et inconnus vous permettant de r\u00e9ussir t\u00f4t. Il existe des diff\u00e9rences importantes entre la r\u00e9ussite scolaire et professionnelle. Nous allons explorer ces diff\u00e9rences et comment y faire face. <\/p><div class=\"db567aefa9b9073415b194386f2f1045\" data-index=\"3\" style=\"float: none; margin:0px 0 0px 0; text-align:center;\">\n<!-- Code \u00e0 placer \u00e0 l'endroit ou vous voulez afficher les publicit\u00e9s -->\r\n<div id=\"afrikad-slot-1741-p-1\"\r\n     data-afrikad\r\n     data-slot-id=\"1741\" \r\n     data-dynamic-countries=\"tg\"\r\n     style=\"margin: auto; width: 300px; height: 275px;\"><\/div>\r\n\r\n<!-- Code \u00e0 placer de pr\u00e9ference une seule fois en bas de page -->\r\n<script>\r\n    (function (d) {\r\n        if (window.afrikadInit == null) {\r\n            window.afrikadInit = function (sdk) {\r\n                sdk.autoload();\r\n            };\r\n        }\r\n\r\n        var js, ajs = d.getElementsByTagName('script')[0];\r\n        if (d.getElementById('afrikad-sdk')) {\r\n            return;\r\n        }\r\n        js = d.createElement('script');\r\n        js.id = \"afrikad-sdk\";\r\n        js.src = \"https:\/\/www.afrikad.com\/build\/latest\/js\/sdk.js\";\r\n        ajs.parentNode.insertBefore(js, ajs);\r\n    }(document));\r\n<\/script>\n<\/div>\n\n\n\n\n<p class=\"has-text-align-justify\"><strong>La premi\u00e8re \u00e9tape est de d\u00e9velopper une image professionnelle solide<\/strong>. Pour y arriver, il faut reconna\u00eetre les \u00e9volutions dans votre environnement. Ainsi, la mani\u00e8re de r\u00e9ussir et d\u2019\u00eatre r\u00e9compens\u00e9 dans votre nouvel environnement de travail sera diff\u00e9rente de celle que vous avez connue \u00e0 l\u2019universit\u00e9. Vous pouvez contr\u00f4ler votre image professionnelle d\u00e8s le d\u00e9part. Et si vous souhaitez r\u00e9ussir t\u00f4t, cela devrait \u00eatre un objectif cl\u00e9 pour vous. <\/p>\n\n\n\n<p class=\"has-text-align-justify\">R\u00e9fl\u00e9chissons et examinons un instant les raisons n\u00e9cessaires pour vous concentrer sur votre image professionnelle. La transition est obligatoire au d\u00e9but de votre vie professionnelle. Construire une image professionnelle solide la simplifiera et vous habituera rapidement \u00e0 ce nouvel environnement. Votre image professionnelle orientera vos interactions et communications avec les autres, ainsi que la gestion de votre carri\u00e8re. <\/p>\n\n\n\n<p class=\"has-text-align-justify\">Ceci vous permettra de construire des relations efficaces et d\u2019am\u00e9liorer votre intelligence \u00e9motionnelle. La pr\u00e9paration vous permettra d&rsquo;\u00e9viter les erreurs courantes faites par une grande majorit\u00e9 et renforcera votre <a href=\"https:\/\/monpsychomag.com\/index.php\/2020\/10\/19\/renforcez-votre-confiance-en-soi-avec-cet-exercice\/\" data-type=\"post\" data-id=\"942\">confiance<\/a> au travail. Existait-il des choses que vous auriez aim\u00e9 conna\u00eetre apr\u00e8s le secondaire ? Un apprentissage plus rapide avec l\u2019orientation ou les informations appropri\u00e9es. <\/p>\n\n\n\n<p class=\"has-text-align-justify\">Bien entendu, toute transition se fait seul et progressivement, mais que diriez-vous s\u2019il existait des informations cl\u00e9s pour \u00eatre sur la voie rapidement et vous simplifier cette transition ? Des informations cl\u00e9s seront partag\u00e9s dans les articles qui suivent.<\/p>\n\n\n\n<p><strong><em>Suivez-nous<\/em><\/strong><\/p>\n\n<div style=\"font-size: 0px; height: 0px; line-height: 0px; margin: 0; padding: 0; clear: both;\"><\/div>","protected":false},"excerpt":{"rendered":"<p>Vos premiers pas dans un environnement de travail professionnel sont<\/p>\n","protected":false},"author":2,"featured_media":6675,"comment_status":"open","ping_status":"closed","sticky":false,"template":"","format":"standard","meta":{"jetpack_post_was_ever_published":false,"_jetpack_newsletter_access":"","_jetpack_dont_email_post_to_subs":false,"_jetpack_newsletter_tier_id":0,"_jetpack_memberships_contains_paywalled_content":false,"_jetpack_memberships_contains_paid_content":false,"footnotes":"","jetpack_publicize_message":"","jetpack_publicize_feature_enabled":true,"jetpack_social_post_already_shared":true,"jetpack_social_options":{"image_generator_settings":{"template":"highway","default_image_id":0,"font":"","enabled":false},"version":2}},"categories":[783,39],"tags":[873,107,28,682,346],"class_list":["post-6674","post","type-post","status-publish","format-standard","has-post-thumbnail","hentry","category-gestion-de-la-carriere","category-orientation-scolaire-et-professionnelle","tag-carriere","tag-monpsychomag","tag-psychologue","tag-questions","tag-travail"],"jetpack_publicize_connections":[],"jetpack_featured_media_url":"https:\/\/i0.wp.com\/monpsychomag.com\/wp-content\/uploads\/2022\/05\/nouveau-recru-e1653479415256.jpg?fit=800%2C534&ssl=1","jetpack_sharing_enabled":true,"jetpack_likes_enabled":true,"_links":{"self":[{"href":"https:\/\/monpsychomag.com\/index.php\/wp-json\/wp\/v2\/posts\/6674","targetHints":{"allow":["GET"]}}],"collection":[{"href":"https:\/\/monpsychomag.com\/index.php\/wp-json\/wp\/v2\/posts"}],"about":[{"href":"https:\/\/monpsychomag.com\/index.php\/wp-json\/wp\/v2\/types\/post"}],"author":[{"embeddable":true,"href":"https:\/\/monpsychomag.com\/index.php\/wp-json\/wp\/v2\/users\/2"}],"replies":[{"embeddable":true,"href":"https:\/\/monpsychomag.com\/index.php\/wp-json\/wp\/v2\/comments?post=6674"}],"version-history":[{"count":1,"href":"https:\/\/monpsychomag.com\/index.php\/wp-json\/wp\/v2\/posts\/6674\/revisions"}],"predecessor-version":[{"id":6676,"href":"https:\/\/monpsychomag.com\/index.php\/wp-json\/wp\/v2\/posts\/6674\/revisions\/6676"}],"wp:featuredmedia":[{"embeddable":true,"href":"https:\/\/monpsychomag.com\/index.php\/wp-json\/wp\/v2\/media\/6675"}],"wp:attachment":[{"href":"https:\/\/monpsychomag.com\/index.php\/wp-json\/wp\/v2\/media?parent=6674"}],"wp:term":[{"taxonomy":"category","embeddable":true,"href":"https:\/\/monpsychomag.com\/index.php\/wp-json\/wp\/v2\/categories?post=6674"},{"taxonomy":"post_tag","embeddable":true,"href":"https:\/\/monpsychomag.com\/index.php\/wp-json\/wp\/v2\/tags?post=6674"}],"curies":[{"name":"wp","href":"https:\/\/api.w.org\/{rel}","templated":true}]}}