{"id":438,"date":"2020-09-01T17:29:48","date_gmt":"2020-09-01T17:29:48","guid":{"rendered":"http:\/\/monpsychomag.com\/?p=438"},"modified":"2020-09-09T21:17:28","modified_gmt":"2020-09-09T21:17:28","slug":"freud-ou-le-pere-de-la-psychanalyse","status":"publish","type":"post","link":"https:\/\/monpsychomag.com\/index.php\/2020\/09\/01\/freud-ou-le-pere-de-la-psychanalyse\/","title":{"rendered":"Freud ou le p\u00e8re de la psychanalyse"},"content":{"rendered":"<div class=\"db567aefa9b9073415b194386f2f1045\" data-index=\"3\" style=\"float: none; margin:0px 0 0px 0; text-align:center;\">\n<!-- Code \u00e0 placer \u00e0 l'endroit ou vous voulez afficher les publicit\u00e9s -->\r\n<div id=\"afrikad-slot-1741-p-1\"\r\n     data-afrikad\r\n     data-slot-id=\"1741\" \r\n     data-dynamic-countries=\"tg\"\r\n     style=\"margin: auto; width: 300px; height: 275px;\"><\/div>\r\n\r\n<!-- Code \u00e0 placer de pr\u00e9ference une seule fois en bas de page -->\r\n<script>\r\n    (function (d) {\r\n        if (window.afrikadInit == null) {\r\n            window.afrikadInit = function (sdk) {\r\n                sdk.autoload();\r\n            };\r\n        }\r\n\r\n        var js, ajs = d.getElementsByTagName('script')[0];\r\n        if (d.getElementById('afrikad-sdk')) {\r\n            return;\r\n        }\r\n        js = d.createElement('script');\r\n        js.id = \"afrikad-sdk\";\r\n        js.src = \"https:\/\/www.afrikad.com\/build\/latest\/js\/sdk.js\";\r\n        ajs.parentNode.insertBefore(js, ajs);\r\n    }(document));\r\n<\/script>\n<\/div>\n\n<p>De son vrai nom Sigismund Schlomo Freud, il est n\u00e9 le 6 mai 1856 \u00e0 <a href=\"https:\/\/fr.wikipedia.org\/wiki\/Freiberg\">Freiberg<\/a>. Neurologue autrichien, il est le fondateur de la <a href=\"https:\/\/www.psychanalyse.be\/ressource\/quest-ce-que-la-psychanalyse\/#:~:text=La%20psychanalyse%20se%20r%C3%A9f%C3%A8re%20%C3%A0,sur%20la%20vie%20interne%20inconsciente.\">psychanalyse<\/a>. Sigmund est l&rsquo;a\u00een\u00e9 de sa fratrie, compos\u00e9e de cinq s\u0153urs et de deux fr\u00e8res. Il n&rsquo;est pas \u00e9lev\u00e9 dans le strict respect de l&rsquo;orthodoxie juive. Bien que circoncis \u00e0 la naissance, il re\u00e7oit une \u00e9ducation \u00e9loign\u00e9e de la tradition et ouverte \u00e0 la philosophie des Lumi\u00e8res. Il parle l&rsquo;allemand, le <a href=\"https:\/\/fr.wikipedia.org\/wiki\/Yiddish\">yiddish<\/a> et semble conna\u00eetre l&rsquo;espagnol.<\/p>\n\n\n\n<p>Il passe ses trois premi\u00e8res ann\u00e9es \u00e0 Freiberg, ville que sa famille quitte pour <a href=\"https:\/\/fr.wikipedia.org\/wiki\/Leipzig\">Leipzig<\/a> avant de s&rsquo;\u00e9tablir d\u00e9finitivement, en f\u00e9vrier 1860, dans le quartier juif de Vienne. Freud y r\u00e9side jusqu&rsquo;\u00e0 son exil forc\u00e9 \u00e0 Londres en 1938, apr\u00e8s l&rsquo;<a href=\"https:\/\/fr.wikipedia.org\/wiki\/Anschluss#:~:text=L'Anschluss%20%2F%CB%88%CA%94a,Autriche%20par%20l'Allemagne%20nazie.\">Anschluss<\/a>.<\/p>\n\n\n\n<p>Brillant \u00e9l\u00e8ve, il est le premier de sa classe pendant ses sept derni\u00e8res ann\u00e9es de scolarit\u00e9 secondaire au lyc\u00e9e. Il obtient la mention \u00ab excellent \u00bb \u00e0 son examen de maturit\u00e9 en 1873. Apr\u00e8s avoir bri\u00e8vement inclin\u00e9 vers le droit, il se montre ensuite plus int\u00e9ress\u00e9 par la carri\u00e8re de zoologiste. Cependant il choisit la m\u00e9decine et s&rsquo;inscrit \u00e0 l&rsquo;universit\u00e9 de Vienne \u00e0 la rentr\u00e9e d&rsquo;hiver 1873. Il se passionne pour la biologie darwinienne, qui servira de mod\u00e8le \u00e0 tous ses travaux.<\/p><div class=\"db567aefa9b9073415b194386f2f1045\" data-index=\"3\" style=\"float: none; margin:0px 0 0px 0; text-align:center;\">\n<!-- Code \u00e0 placer \u00e0 l'endroit ou vous voulez afficher les publicit\u00e9s -->\r\n<div id=\"afrikad-slot-1741-p-1\"\r\n     data-afrikad\r\n     data-slot-id=\"1741\" \r\n     data-dynamic-countries=\"tg\"\r\n     style=\"margin: auto; width: 300px; height: 275px;\"><\/div>\r\n\r\n<!-- Code \u00e0 placer de pr\u00e9ference une seule fois en bas de page -->\r\n<script>\r\n    (function (d) {\r\n        if (window.afrikadInit == null) {\r\n            window.afrikadInit = function (sdk) {\r\n                sdk.autoload();\r\n            };\r\n        }\r\n\r\n        var js, ajs = d.getElementsByTagName('script')[0];\r\n        if (d.getElementById('afrikad-sdk')) {\r\n            return;\r\n        }\r\n        js = d.createElement('script');\r\n        js.id = \"afrikad-sdk\";\r\n        js.src = \"https:\/\/www.afrikad.com\/build\/latest\/js\/sdk.js\";\r\n        ajs.parentNode.insertBefore(js, ajs);\r\n    }(document));\r\n<\/script>\n<\/div>\n\n\n\n\n<p>Il obtient son dipl\u00f4me de m\u00e9decin le 31 mars 1881 apr\u00e8s huit ann\u00e9es d&rsquo;\u00e9tudes, au lieu des cinq attendues. En juin 1882, il s&rsquo;installe comme m\u00e9decin praticien, sans grand enthousiasme toute fois. De l&rsquo;hyst\u00e9rie \u00e0 la m\u00e9thode cathartique (1883\u20131893), de l&rsquo;hypnose \u00e0 la cure psychanalytique (1893\u20131905), et de&nbsp; l&rsquo;institution psychanalytique en (1905\u20131920), il aurait marqu\u00e9 son temps.<\/p>\n\n\n\n<p>Freud demeure le chef de file de la psychanalyse, dont il oriente l&rsquo;\u00e9volution. Ses derni\u00e8res r\u00e9flexions \u00e9crites sont consacr\u00e9es \u00e0 \u00e9tudier et renforcer la psychanalyse sur le plan th\u00e9orique et clinique. Dans son article \u00ab Psychanalyse et m\u00e9decine \u00bb (1925), il invite les non-praticiens \u00e0 utiliser la psychanalyse. \u00c0 ce propos, il parle de psychanalyse \u00ab la\u00efque \u00bb ou \u00ab profane \u00bb, c&rsquo;est-\u00e0-dire, pratiqu\u00e9e par des analystes qui ne sont pas m\u00e9decins.<\/p>\n\n\n\n<p>Dans les derni\u00e8res ann\u00e9es de sa vie, Freud essaye d\u2019extrapoler les concepts psychanalytiques \u00e0 la compr\u00e9hension de l\u2019anthropologie et de la culture.<\/p>\n\n\n\n<p>En 1938, Freud, menac\u00e9 par le r\u00e9gime nazi, quitte Vienne pour s&rsquo;exiler \u00e0 Londres, o\u00f9 il meurt d&rsquo;un cancer de la m\u00e2choire en 1939. La vie de Freud offre l&rsquo;exemple d&rsquo;une ascension sociale progressive depuis la classe moyenne inf\u00e9rieure jusqu&rsquo;\u00e0 la plus haute bourgeoisie. Aujourd\u2019hui, gr\u00e2ce \u00e0 la&nbsp;<strong>psychanalyse<\/strong> de Freud, on comprend le fonctionnement de l&rsquo;esprit et on peut <a href=\"http:\/\/wa.me\/+22899924341\">traiter les probl\u00e8mes psychiques<\/a>. Tout ce qu\u2019on aurait reproch\u00e9 \u00e0 cet homme p\u00e9tillant est de vouloir tout expliquer par la <a href=\"https:\/\/monpsychomag.com\/index.php\/2020\/07\/02\/cest-quoi-reellement-la-sexualite\/\">sexualit\u00e9<\/a>. Est-ce qu\u2019il aurait raison ?<\/p>\n\n<div style=\"font-size: 0px; height: 0px; line-height: 0px; margin: 0; padding: 0; clear: both;\"><\/div>","protected":false},"excerpt":{"rendered":"<p>De son vrai nom Sigismund Schlomo Freud, il est n\u00e9 le 6 mai 1856 \u00e0 Freiberg. Neurologue autrichien, il est le fondateur de la psychanalyse. Sigmund est l&rsquo;a\u00een\u00e9 de sa fratrie, compos\u00e9e&#8230;<\/p>\n","protected":false},"author":2,"featured_media":442,"comment_status":"open","ping_status":"open","sticky":false,"template":"","format":"standard","meta":{"jetpack_post_was_ever_published":false,"_jetpack_newsletter_access":"","_jetpack_dont_email_post_to_subs":false,"_jetpack_newsletter_tier_id":0,"_jetpack_memberships_contains_paywalled_content":false,"_jetpack_memberships_contains_paid_content":false,"footnotes":"","jetpack_publicize_message":"","jetpack_publicize_feature_enabled":true,"jetpack_social_post_already_shared":false,"jetpack_social_options":{"image_generator_settings":{"template":"highway","default_image_id":0,"font":"","enabled":false},"version":2}},"categories":[1],"tags":[179,177,181,157,180,182,178],"class_list":["post-438","post","type-post","status-publish","format-standard","has-post-thumbnail","hentry","category-bon-a-savoir","tag-anschluss","tag-freiberg","tag-leipzig","tag-psychanalyse","tag-sexualite","tag-traiter-les-problemes-psychiques","tag-yiddish"],"jetpack_publicize_connections":[],"jetpack_featured_media_url":"https:\/\/i0.wp.com\/monpsychomag.com\/wp-content\/uploads\/2020\/09\/Resizer_15989816993190.jpg?fit=800%2C533&ssl=1","jetpack_sharing_enabled":true,"jetpack_likes_enabled":true,"_links":{"self":[{"href":"https:\/\/monpsychomag.com\/index.php\/wp-json\/wp\/v2\/posts\/438","targetHints":{"allow":["GET"]}}],"collection":[{"href":"https:\/\/monpsychomag.com\/index.php\/wp-json\/wp\/v2\/posts"}],"about":[{"href":"https:\/\/monpsychomag.com\/index.php\/wp-json\/wp\/v2\/types\/post"}],"author":[{"embeddable":true,"href":"https:\/\/monpsychomag.com\/index.php\/wp-json\/wp\/v2\/users\/2"}],"replies":[{"embeddable":true,"href":"https:\/\/monpsychomag.com\/index.php\/wp-json\/wp\/v2\/comments?post=438"}],"version-history":[{"count":4,"href":"https:\/\/monpsychomag.com\/index.php\/wp-json\/wp\/v2\/posts\/438\/revisions"}],"predecessor-version":[{"id":474,"href":"https:\/\/monpsychomag.com\/index.php\/wp-json\/wp\/v2\/posts\/438\/revisions\/474"}],"wp:featuredmedia":[{"embeddable":true,"href":"https:\/\/monpsychomag.com\/index.php\/wp-json\/wp\/v2\/media\/442"}],"wp:attachment":[{"href":"https:\/\/monpsychomag.com\/index.php\/wp-json\/wp\/v2\/media?parent=438"}],"wp:term":[{"taxonomy":"category","embeddable":true,"href":"https:\/\/monpsychomag.com\/index.php\/wp-json\/wp\/v2\/categories?post=438"},{"taxonomy":"post_tag","embeddable":true,"href":"https:\/\/monpsychomag.com\/index.php\/wp-json\/wp\/v2\/tags?post=438"}],"curies":[{"name":"wp","href":"https:\/\/api.w.org\/{rel}","templated":true}]}}